{"id":13168,"date":"2016-08-19T21:47:18","date_gmt":"2016-08-20T01:47:18","guid":{"rendered":"https:\/\/www.inesad.edu.bo\/2016\/08\/19\/senior-inesad-researcher-and-coordinator-of-red-eminpro-dr-beatriz-muriel-held-a-seminar-on-the-perspectives-challenges-and-the-role-of-the-state-where-is-our-economy-heading\/"},"modified":"2016-08-19T21:47:18","modified_gmt":"2016-08-19T21:47:18","slug":"senior-inesad-researcher-and-coordinator-of-red-eminpro-dr-beatriz-muriel-held-a-seminar-on-the-perspectives-challenges-and-the-role-of-the-state-where-is-our-economy-heading","status":"publish","type":"post","link":"https:\/\/www.inesad.edu.bo\/en\/2016\/08\/19\/senior-inesad-researcher-and-coordinator-of-red-eminpro-dr-beatriz-muriel-held-a-seminar-on-the-perspectives-challenges-and-the-role-of-the-state-where-is-our-economy-heading\/","title":{"rendered":"Senior INESAD researcher and coordinator of RED EMINPRO, Dr. Beatriz Muriel, held a seminar on the \u201cPerspectives, challenges and the role of the state: Where is our economy heading\u201d"},"content":{"rendered":"<p><img loading=\"lazy\" decoding=\"async\" class=\"size-medium wp-image-3457 alignleft\" src=\"https:\/\/www.inesad.edu.bo\/wp-content\/uploads\/2016\/08\/DSC_0038-1-300x174.jpg\" alt=\"DSC_0038\" width=\"300\" height=\"174\" srcset=\"https:\/\/www.inesad.edu.bo\/wp-content\/uploads\/2016\/08\/DSC_0038-1-300x174.jpg 300w, https:\/\/www.inesad.edu.bo\/wp-content\/uploads\/2016\/08\/DSC_0038-1-768x445.jpg 768w, https:\/\/www.inesad.edu.bo\/wp-content\/uploads\/2016\/08\/DSC_0038-1-1024x593.jpg 1024w\" sizes=\"auto, (max-width: 300px) 100vw, 300px\" \/>La noche del jueves 18 de agosto, la Fundaci\u00f3n de Apoyo al Parlamento y a la Participaci\u00f3n (FUNDAPPAC), la Fundaci\u00f3n Konrad Adenauer y el Colegio de Economistas de La Paz realizaron el Foro Econ\u00f3mico &#8220;PERSPECTIVAS, DESAF\u00cdOS Y ROL DEL ESTADO &#8216;Hacia d\u00f3nde va nuestra econom\u00eda, en el contexto de la econom\u00eda mundial&#8221;. El evento tuvo lugar en el sal\u00f3n Restaurant Vienna, a las 18:30, generando gran convocatoria.<\/p>\n<p>El Seminario fue inaugurado por la Lic. Narda M\u00e1ceres Ochoa Vicepresidenta del Colegio de Economistas de La Paz, seguidamente el Lic. Napole\u00f3n Pacheco Torrico, experto, present\u00f3 &#8220;Los ciclos de expansi\u00f3n de los precios de las exportaciones y los ciclos de endeudamiento externo&#8221;. Como segunda expositora, Beatriz Muriel, Investigadora S\u00e9nior de la Fundaci\u00f3n INESAD, y Coordinadora de la RED EMINPRO, mostr\u00f3 como est\u00e1 Bolivia en materia de productividad laboral.<\/p>\n<p>Despu\u00e9s, el Lic. Gabriel Loza Teller\u00eda, ex Presidente del Banco Central, present\u00f3 &#8220;El debate sobre la devaluaci\u00f3n cambiaria en Bolivia. De una ancla cambiar\u00eda a cambios bruscos Avanzados en Desarrollo&#8221;. Finalmente las conclusiones, clausura y entrega de certificados estuvo a cargo de Lic. Rufino Huanaco Huanca, Director de Fortalecimiento Estrat\u00e9gico Acad\u00e9mico y de Desarrollo del Colegio de Economistas de La paz.<img loading=\"lazy\" decoding=\"async\" class=\"size-medium wp-image-3458 alignright\" src=\"https:\/\/www.inesad.edu.bo\/wp-content\/uploads\/2016\/08\/DSC_0090-300x199.jpg\" alt=\"DSC_0090\" width=\"300\" height=\"199\" srcset=\"https:\/\/www.inesad.edu.bo\/wp-content\/uploads\/2016\/08\/DSC_0090-300x199.jpg 300w, https:\/\/www.inesad.edu.bo\/wp-content\/uploads\/2016\/08\/DSC_0090-768x509.jpg 768w, https:\/\/www.inesad.edu.bo\/wp-content\/uploads\/2016\/08\/DSC_0090-1024x678.jpg 1024w, https:\/\/www.inesad.edu.bo\/wp-content\/uploads\/2016\/08\/DSC_0090-310x205.jpg 310w\" sizes=\"auto, (max-width: 300px) 100vw, 300px\" \/><\/p>\n<p>La Investigadora S\u00e9nior de INESAD, en su disertaci\u00f3n \u00bfC\u00f3mo est\u00e1 Bolivia en materia de productividad?, revel\u00f3 el bajo nivel y desempe\u00f1o que ha tenido Bolivia en t\u00e9rminos de productividad laboral comparativamente con otras regiones y pa\u00edses del mundo. Adem\u00e1s, la investigadora analiz\u00f3 las razones de esta situaci\u00f3n y los desaf\u00edos que tiene el pa\u00eds para mejorar la productividad laboral hacia un efectivo desarrollo econ\u00f3mico.<\/p>\n<p>En la presentaci\u00f3n resalt\u00f3 la necesidad de promover una mayor escala de producci\u00f3n en los rubros donde es posible aprovechar econom\u00edas de escala; mejorar el acceso a los mercados externos tomando en cuenta las ventajas comparativas del pa\u00eds y cambiar la orientaci\u00f3n sociopol\u00edtica y productiva del pa\u00eds hacia un \u201cproductivismo\u201d.<\/p>\n","protected":false},"excerpt":{"rendered":"<p>La noche del jueves 18 de agosto, la Fundaci\u00f3n de Apoyo al Parlamento y a la Participaci\u00f3n (FUNDAPPAC), la Fundaci\u00f3n Konrad Adenauer y el Colegio de Economistas de La Paz realizaron el Foro Econ\u00f3mico &#8220;PERSPECTIVAS, DESAF\u00cdOS Y ROL DEL ESTADO &#8216;Hacia d\u00f3nde va nuestra econom\u00eda, en el contexto de la econom\u00eda mundial&#8221;. El evento tuvo &hellip;<\/p>\n","protected":false},"author":12,"featured_media":0,"comment_status":"closed","ping_status":"closed","sticky":false,"template":"","format":"standard","meta":{"_acf_changed":false,"advanced_seo_description":"","jetpack_seo_html_title":"","jetpack_seo_noindex":false,"jetpack_post_was_ever_published":false,"_jetpack_newsletter_access":"","_jetpack_dont_email_post_to_subs":false,"_jetpack_newsletter_tier_id":0,"_jetpack_memberships_contains_paywalled_content":false,"_jetpack_memberships_contains_paid_content":false,"footnotes":""},"categories":[430,43],"tags":[],"class_list":["post-13168","post","type-post","status-publish","format-standard","","category-news","category-noticias"],"acf":[],"jetpack_featured_media_url":"","jetpack_sharing_enabled":true,"jetpack_shortlink":"https:\/\/wp.me\/p9wqBX-3qo","_links":{"self":[{"href":"https:\/\/www.inesad.edu.bo\/en\/wp-json\/wp\/v2\/posts\/13168","targetHints":{"allow":["GET"]}}],"collection":[{"href":"https:\/\/www.inesad.edu.bo\/en\/wp-json\/wp\/v2\/posts"}],"about":[{"href":"https:\/\/www.inesad.edu.bo\/en\/wp-json\/wp\/v2\/types\/post"}],"author":[{"embeddable":true,"href":"https:\/\/www.inesad.edu.bo\/en\/wp-json\/wp\/v2\/users\/12"}],"replies":[{"embeddable":true,"href":"https:\/\/www.inesad.edu.bo\/en\/wp-json\/wp\/v2\/comments?post=13168"}],"version-history":[{"count":0,"href":"https:\/\/www.inesad.edu.bo\/en\/wp-json\/wp\/v2\/posts\/13168\/revisions"}],"wp:attachment":[{"href":"https:\/\/www.inesad.edu.bo\/en\/wp-json\/wp\/v2\/media?parent=13168"}],"wp:term":[{"taxonomy":"category","embeddable":true,"href":"https:\/\/www.inesad.edu.bo\/en\/wp-json\/wp\/v2\/categories?post=13168"},{"taxonomy":"post_tag","embeddable":true,"href":"https:\/\/www.inesad.edu.bo\/en\/wp-json\/wp\/v2\/tags?post=13168"}],"curies":[{"name":"wp","href":"https:\/\/api.w.org\/{rel}","templated":true}]}}