{"id":13669,"date":"2022-08-10T20:44:11","date_gmt":"2022-08-11T00:44:11","guid":{"rendered":"https:\/\/www.inesad.edu.bo\/2022\/08\/10\/cartilla-educativa-el-subempleo-en-bolivia\/"},"modified":"2023-12-08T01:32:19","modified_gmt":"2023-12-08T05:32:19","slug":"cartilla-educativa-el-subempleo-en-bolivia","status":"publish","type":"post","link":"https:\/\/www.inesad.edu.bo\/en\/2022\/08\/10\/cartilla-educativa-el-subempleo-en-bolivia\/","title":{"rendered":"Educational Leaflet: El subempleo en Bolivia"},"content":{"rendered":"<section class=\"wpb-content-wrapper\">[vc_row][vc_column width=&#8221;1\/2&#8243;][vc_single_image image=&#8221;11762&#8243; img_size=&#8221;full&#8221; onclick=&#8221;custom_link&#8221; css_animation=&#8221;bounceIn&#8221; link=&#8221;https:\/\/www.inesad.edu.bo\/download\/cartilla-educativa-el-subempleo-en-bolivia\/?wpdmdl=11763&#8243; css=&#8221;.vc_custom_1660178425059{border-radius: 2px !important;}&#8221;][vc_column_text]\n<p style=\"text-align: center;\"><em>Presiona en la imagen para descargar el documento en <strong>PDF<\/strong>.<\/em><\/p>\n[\/vc_column_text][\/vc_column][vc_column width=&#8221;1\/2&#8243;][vc_column_text]\n<p style=\"text-align: justify;\"><strong>Por:<\/strong><\/p>\n<p style=\"text-align: justify;\"><em>Beatriz Muriel H.<\/em><\/p>\n<p style=\"text-align: justify;\"><strong>Contenido: <\/strong><\/p>\n<ul>\n<li>\u00bfQu\u00e9 se entiende por subempleo?<\/li>\n<li>\u00bfC\u00f3mo se mide el subempleo?<\/li>\n<li>\u00bfCu\u00e1l es la situaci\u00f3n del subempleo en Bolivia?<\/li>\n<li>Bibliograf\u00eda<\/li>\n<\/ul>\n<p><!--more-->[\/vc_column_text][\/vc_column][\/vc_row]\n<\/section>","protected":false},"excerpt":{"rendered":"<p>[vc_row][vc_column width=&#8221;1\/2&#8243;][vc_single_image image=&#8221;11762&#8243; img_size=&#8221;full&#8221; onclick=&#8221;custom_link&#8221; css_animation=&#8221;bounceIn&#8221; link=&#8221;https:\/\/www.inesad.edu.bo\/download\/cartilla-educativa-el-subempleo-en-bolivia\/?wpdmdl=11763&#8243; css=&#8221;.vc_custom_1660178425059{border-radius: 2px !important;}&#8221;][vc_column_text] Presiona en la imagen para descargar el documento en PDF. [\/vc_column_text][\/vc_column][vc_column width=&#8221;1\/2&#8243;][vc_column_text] Por: Beatriz Muriel H. Contenido: \u00bfQu\u00e9 se entiende por subempleo? \u00bfC\u00f3mo se mide el subempleo? \u00bfCu\u00e1l es la situaci\u00f3n del subempleo en Bolivia? Bibliograf\u00eda<\/p>\n","protected":false},"author":15,"featured_media":15816,"comment_status":"closed","ping_status":"closed","sticky":false,"template":"","format":"standard","meta":{"_acf_changed":false,"advanced_seo_description":"","jetpack_seo_html_title":"","jetpack_seo_noindex":false,"jetpack_post_was_ever_published":false,"_jetpack_newsletter_access":"","_jetpack_dont_email_post_to_subs":false,"_jetpack_newsletter_tier_id":0,"_jetpack_memberships_contains_paywalled_content":false,"_jetpack_memberships_contains_paid_content":false,"footnotes":""},"categories":[532],"tags":[],"class_list":["post-13669","post","type-post","status-publish","format-standard","has-post-thumbnail","","category-educational-leaflets"],"acf":[],"jetpack_featured_media_url":"https:\/\/www.inesad.edu.bo\/wp-content\/uploads\/2022\/08\/CE5-MIN.png","jetpack_sharing_enabled":true,"jetpack_shortlink":"https:\/\/wp.me\/p9wqBX-3yt","_links":{"self":[{"href":"https:\/\/www.inesad.edu.bo\/en\/wp-json\/wp\/v2\/posts\/13669","targetHints":{"allow":["GET"]}}],"collection":[{"href":"https:\/\/www.inesad.edu.bo\/en\/wp-json\/wp\/v2\/posts"}],"about":[{"href":"https:\/\/www.inesad.edu.bo\/en\/wp-json\/wp\/v2\/types\/post"}],"author":[{"embeddable":true,"href":"https:\/\/www.inesad.edu.bo\/en\/wp-json\/wp\/v2\/users\/15"}],"replies":[{"embeddable":true,"href":"https:\/\/www.inesad.edu.bo\/en\/wp-json\/wp\/v2\/comments?post=13669"}],"version-history":[{"count":2,"href":"https:\/\/www.inesad.edu.bo\/en\/wp-json\/wp\/v2\/posts\/13669\/revisions"}],"predecessor-version":[{"id":16407,"href":"https:\/\/www.inesad.edu.bo\/en\/wp-json\/wp\/v2\/posts\/13669\/revisions\/16407"}],"wp:featuredmedia":[{"embeddable":true,"href":"https:\/\/www.inesad.edu.bo\/en\/wp-json\/wp\/v2\/media\/15816"}],"wp:attachment":[{"href":"https:\/\/www.inesad.edu.bo\/en\/wp-json\/wp\/v2\/media?parent=13669"}],"wp:term":[{"taxonomy":"category","embeddable":true,"href":"https:\/\/www.inesad.edu.bo\/en\/wp-json\/wp\/v2\/categories?post=13669"},{"taxonomy":"post_tag","embeddable":true,"href":"https:\/\/www.inesad.edu.bo\/en\/wp-json\/wp\/v2\/tags?post=13669"}],"curies":[{"name":"wp","href":"https:\/\/api.w.org\/{rel}","templated":true}]}}