{"id":16433,"date":"2023-11-22T10:02:12","date_gmt":"2023-11-22T14:02:12","guid":{"rendered":"https:\/\/www.inesad.edu.bo\/2023\/11\/22\/14a-conferencia-boliviana-de-desarrollo-economico-bcde-2023\/"},"modified":"2023-12-08T18:18:11","modified_gmt":"2023-12-08T22:18:11","slug":"14a-conferencia-boliviana-de-desarrollo-economico-bcde-2023","status":"publish","type":"post","link":"https:\/\/www.inesad.edu.bo\/en\/2023\/11\/22\/14a-conferencia-boliviana-de-desarrollo-economico-bcde-2023\/","title":{"rendered":"14\u00aa Conferencia Boliviana de Desarrollo Econ\u00f3mico (BCDE 2023)"},"content":{"rendered":"<section class=\"wpb-content-wrapper\">[vc_row][vc_column][vc_column_text]\n<p style=\"text-align: justify;\">La Conferencia Boliviana de Desarrollo Econ\u00f3mico, celebrada los d\u00edas 9 y 10 de noviembre, se constituy\u00f3 en un evento para el intercambio de ideas y la discusi\u00f3n de investigaciones recientes en todas las \u00e1reas relacionadas con el desarrollo econ\u00f3mico. Con la participaci\u00f3n de m\u00e1s de 200 asistentes, incluyendo estudiantes universitarios, profesionales, responsables de las pol\u00edticas p\u00fablicas, cooperantes y representantes del sector privado, la conferencia se consolid\u00f3 como un espacio inclusivo y diverso.<\/p>\n<p style=\"text-align: justify;\">El evento cont\u00f3 con la presencia de m\u00e1s de 50 investigadores de renombradas universidades locales e internacionales, institutos de investigaci\u00f3n y organizaciones internacionales, quienes realizaron presentaciones a lo largo de sesiones paralelas, especiales y plenarias.<\/p>\n[\/vc_column_text][\/vc_column][\/vc_row][vc_row][vc_column][vc_single_image image=&#8221;12585&#8243; img_size=&#8221;large&#8221; alignment=&#8221;center&#8221;][vc_column_text]\n<p style=\"text-align: justify;\">Uno de los puntos destacados fue la Conferencia Magistral titulada &#8220;Pol\u00edtica, educaci\u00f3n y desarrollo de largo plazo&#8221;, presentada por Claudio Ferraz de la Universidad de Columbia Brit\u00e1nica, con la moderaci\u00f3n de Carlos G. Machicado de la UCB.<\/p>\n<p style=\"text-align: justify;\">Las sesiones paralelas abordaron temas variados, desde la eficiencia de las instituciones de educaci\u00f3n superior en el mercado laboral hasta el impacto de la pandemia de COVID-19 en la educaci\u00f3n universitaria y los efectos emocionales de la educaci\u00f3n h\u00edbrida. Adem\u00e1s, se discutieron cuestiones relacionadas con los choques tempranos en la vida, la reciprocidad, el altruismo, los bienes p\u00fablicos, el desarrollo, la miner\u00eda y el trabajo forzado.<\/p>\n<p style=\"text-align: justify;\">Las sesiones especiales enriquecieron a\u00fan m\u00e1s la conferencia, con destacadas presentaciones como &#8220;Actividades extractivas: impactos locales sobre el capital humano&#8221; de Wladimir Zanoni del BID y &#8220;Desastres Naturales en Am\u00e9rica Latina y el Caribe; el rol de las inversiones en infraestructura resiliente y pol\u00edticas de adaptaci\u00f3n&#8221; presentado por Adriana Arreaza y Richard C\u00f3ndor de CAF, moderados por Luis Gonzales de CLAPES UC &#8211; Catholic University of Chile.<\/p>\n<p style=\"text-align: justify;\">Las sesiones paralelas resultaron ser enriquecedoras, abordando tem\u00e1ticas fundamentales en tres categor\u00edas principales. En &#8220;Educaci\u00f3n Superior y Mercados Laborales&#8221;, Fabiola Saavedra Caballero analiz\u00f3 la eficiencia de las instituciones educativas, mientras que Daniel Prudencio evalu\u00f3 el impacto de la pandemia en la educaci\u00f3n universitaria en M\u00e9xico. En la secci\u00f3n &#8220;Impactos Tempranos, Aprendizaje y Efectos Intergeneracionales&#8221;, se exploraron desde los efectos intergeneracionales del conflicto hasta las repercusiones de la inmigraci\u00f3n en el aprendizaje. La categor\u00eda &#8220;Reciprocidad, Altruismo y Bienes P\u00fablicos&#8221; se centr\u00f3 en discusiones sobre la prestaci\u00f3n de servicios p\u00fablicos y la provisi\u00f3n privada de bienes p\u00fablicos.<\/p>\n<p style=\"text-align: justify;\">Las sesiones B1, B2, B3 y B4 prolongaron el di\u00e1logo, resaltando la resiliencia laboral en Bolivia durante la pandemia y abordando temas cruciales de pobreza, desigualdad y empleo informal. La secci\u00f3n B4 trat\u00f3 asuntos cr\u00edticos como los incendios forestales y las noticias falsas. Por \u00faltimo, las sesiones C1, C2, C3 y C4 completaron la experiencia con an\u00e1lisis sobre pol\u00edticas locales, el auge de productos b\u00e1sicos, la demanda del mercado y el trabajo infantil. Este conjunto diverso de discusiones contribuy\u00f3 significativamente al intercambio de conocimientos en la b\u00fasqueda de soluciones efectivas para el desarrollo econ\u00f3mico.<\/p>\n[\/vc_column_text][\/vc_column][\/vc_row][vc_row][vc_column][vc_single_image image=&#8221;12587&#8243; img_size=&#8221;large&#8221; alignment=&#8221;center&#8221;][\/vc_column][\/vc_row][vc_row][vc_column][vc_single_image image=&#8221;12586&#8243; img_size=&#8221;large&#8221; alignment=&#8221;center&#8221;][\/vc_column][\/vc_row][vc_row][vc_column][vc_column_text]\n<p style=\"text-align: justify;\">La \u00faltima jornada incluy\u00f3 una destacada conferencia magistral sobre la eficacia de las intervenciones de conservaci\u00f3n forestal, presentada por Allen Blackman del BID, as\u00ed como la presentaci\u00f3n de &#8220;Experimentos de comportamiento con tecnolog\u00edas inteligentes&#8221; por M\u00f3nica Capra de Claremont Graduate University.<\/p>\n<p style=\"text-align: justify;\">El equipo de la Fundaci\u00f3n INESAD, liderado por Beatriz Muriel en su rol de Directora Ejecutiva, desempe\u00f1\u00f3 un papel central al contribuir con presentaciones y sesiones significativas. Muriel estuvo a cargo de la presentaci\u00f3n sobre &#8220;Crecimiento inclusivo y empleos dignos por g\u00e9nero: el caso de las \u00e1reas urbanas de Bolivia&#8221;, mientras que Erika Soliz abord\u00f3 la &#8220;Pobreza Multidimensional en WASH&#8221;. Adem\u00e1s, INESAD organiz\u00f3 una sesi\u00f3n especial sobre &#8220;La Protecci\u00f3n Social en Bolivia&#8221;, donde Beatriz Muriel present\u00f3 &#8220;Determinantes del Acceso Efectivo al Sistema de Pensiones en Bolivia&#8221;. Alejandro Herrera y Ximena Coronado tambi\u00e9n aportaron con resultados clave en el \u00e1mbito financiero y de salud en comunidades productoras de quinua.<\/p>\n<p style=\"text-align: justify;\">La presencia de panelistas distinguidos como Joaqu\u00edn Vial, Luis Carlos Jemio, Juan Antonio Morales y Carlos Gustavo Machicado contribuy\u00f3 significativamente a la riqueza de los debates, con Beatriz Muriel asumiendo el rol de Chair en el panel de R\u00e9gimen cambiario y fundamentos macroecon\u00f3micos<\/p>\n<p style=\"text-align: justify;\">La conferencia tuvo tambi\u00e9n una sesi\u00f3n plenaria patrocinada por la Friedrich Ebert Stiftung (FES) sobre &#8220;Cambio Clim\u00e1tico y Migraci\u00f3n&#8221;, moderada por Daniel Agramont.<\/p>\n<p style=\"text-align: justify;\">Al finalizar la tarde del segundo d\u00eda, tambi\u00e9n tuvo sesiones especiales, como la presentaci\u00f3n de la Encuesta de Mercado Laboral en Bolivia 2022 y la 40\u00aa edici\u00f3n de la Revista Latinoamericana de Desarrollo Econ\u00f3mico (LAJED). La ceremonia de clausura, auspiciada por el BID, cont\u00f3 con un c\u00f3ctel y una presentaci\u00f3n del ballet de danza moderna de la UCB.<\/p>\n<p style=\"text-align: justify;\">La Conferencia Boliviana sobre Econom\u00eda del Desarrollo se posiciona como un referente en la discusi\u00f3n de temas cruciales para el crecimiento, la igualdad y el progreso econ\u00f3mico, entre otros, consolidando su papel como un espacio clave para la colaboraci\u00f3n y el intercambio de conocimientos a nivel nacional e internacional.<\/p>\n[\/vc_column_text][\/vc_column][\/vc_row][vc_row][vc_column][vc_single_image image=&#8221;12589&#8243; img_size=&#8221;large&#8221; alignment=&#8221;center&#8221;][\/vc_column][\/vc_row][vc_row][vc_column][vc_single_image image=&#8221;12591&#8243; img_size=&#8221;large&#8221; alignment=&#8221;center&#8221;][\/vc_column][\/vc_row][vc_row][vc_column][vc_single_image image=&#8221;12557&#8243; img_size=&#8221;large&#8221; alignment=&#8221;center&#8221;][\/vc_column][\/vc_row]\n<\/section>","protected":false},"excerpt":{"rendered":"<p>[vc_row][vc_column][vc_column_text] La Conferencia Boliviana de Desarrollo Econ\u00f3mico, celebrada los d\u00edas 9 y 10 de noviembre, se constituy\u00f3 en un evento para el intercambio de ideas y la discusi\u00f3n de investigaciones recientes en todas las \u00e1reas relacionadas con el desarrollo econ\u00f3mico. Con la participaci\u00f3n de m\u00e1s de 200 asistentes, incluyendo estudiantes universitarios, profesionales, responsables de las &hellip;<\/p>\n","protected":false},"author":17,"featured_media":16018,"comment_status":"open","ping_status":"open","sticky":false,"template":"","format":"standard","meta":{"_acf_changed":false,"advanced_seo_description":"","jetpack_seo_html_title":"","jetpack_seo_noindex":false,"jetpack_post_was_ever_published":false,"_jetpack_newsletter_access":"","_jetpack_dont_email_post_to_subs":false,"_jetpack_newsletter_tier_id":0,"_jetpack_memberships_contains_paywalled_content":false,"_jetpack_memberships_contains_paid_content":false,"footnotes":""},"categories":[556,430],"tags":[],"class_list":["post-16433","post","type-post","status-publish","format-standard","has-post-thumbnail","","category-bcde-en","category-news"],"acf":[],"jetpack_featured_media_url":"https:\/\/www.inesad.edu.bo\/wp-content\/uploads\/2023\/11\/14th-conferencia.jpg","jetpack_sharing_enabled":true,"jetpack_shortlink":"https:\/\/wp.me\/p9wqBX-4h3","_links":{"self":[{"href":"https:\/\/www.inesad.edu.bo\/en\/wp-json\/wp\/v2\/posts\/16433","targetHints":{"allow":["GET"]}}],"collection":[{"href":"https:\/\/www.inesad.edu.bo\/en\/wp-json\/wp\/v2\/posts"}],"about":[{"href":"https:\/\/www.inesad.edu.bo\/en\/wp-json\/wp\/v2\/types\/post"}],"author":[{"embeddable":true,"href":"https:\/\/www.inesad.edu.bo\/en\/wp-json\/wp\/v2\/users\/17"}],"replies":[{"embeddable":true,"href":"https:\/\/www.inesad.edu.bo\/en\/wp-json\/wp\/v2\/comments?post=16433"}],"version-history":[{"count":3,"href":"https:\/\/www.inesad.edu.bo\/en\/wp-json\/wp\/v2\/posts\/16433\/revisions"}],"predecessor-version":[{"id":16436,"href":"https:\/\/www.inesad.edu.bo\/en\/wp-json\/wp\/v2\/posts\/16433\/revisions\/16436"}],"wp:featuredmedia":[{"embeddable":true,"href":"https:\/\/www.inesad.edu.bo\/en\/wp-json\/wp\/v2\/media\/16018"}],"wp:attachment":[{"href":"https:\/\/www.inesad.edu.bo\/en\/wp-json\/wp\/v2\/media?parent=16433"}],"wp:term":[{"taxonomy":"category","embeddable":true,"href":"https:\/\/www.inesad.edu.bo\/en\/wp-json\/wp\/v2\/categories?post=16433"},{"taxonomy":"post_tag","embeddable":true,"href":"https:\/\/www.inesad.edu.bo\/en\/wp-json\/wp\/v2\/tags?post=16433"}],"curies":[{"name":"wp","href":"https:\/\/api.w.org\/{rel}","templated":true}]}}