{"id":16497,"date":"2011-02-03T02:49:06","date_gmt":"2011-02-03T06:49:06","guid":{"rendered":"https:\/\/www.inesad.edu.bo\/2011\/02\/03\/first-economic-symposium\/"},"modified":"2011-02-03T02:49:06","modified_gmt":"2011-02-03T06:49:06","slug":"first-economic-symposium","status":"publish","type":"post","link":"https:\/\/www.inesad.edu.bo\/en\/2011\/02\/03\/first-economic-symposium\/","title":{"rendered":"FIRST ECONOMIC SYMPOSIUM"},"content":{"rendered":"<p><span style=\"color: #007578;\"><strong>Pol\u00edtica fiscal y crecimiento<\/strong><\/span><\/p>\n<p style=\"text-align: justify;\">La pol\u00edtica fiscal por s\u00ed sola no es suficiente para el crecimiento. Sin embargo, cuando se combina con inversi\u00f3n p\u00fablica eficiente y con aumento en la productividad, la pol\u00edtica fiscal puede no s\u00f3lo alcanzar tasas significativas de crecimiento en el largo plazo, sino tambi\u00e9n mejorar las transferencias de recursos y contribuir a hacerlas sostenibles.<\/p>\n<p style=\"text-align: justify;\">A trav\u00e9s de las transferencias y de la asignaci\u00f3n eficiente de capital p\u00fablico y la creaci\u00f3n de incentivos para la generaci\u00f3n de productividad, el gobierno es capaz de preservar el contexto social favorable y dar continuidad a su pol\u00edtica social. <img loading=\"lazy\" decoding=\"async\" style=\"margin-bottom: 5px; float: right; margin-left: 10px;\" src=\"\/images\/stories\/eventos\/Isimposiof\/2.JPG\" alt=\"2\" width=\"300\" height=\"199\" border=\"0\"><\/p>\n<p style=\"text-align: justify;\">Estas son las principales conclusiones del trabajo de investigaci\u00f3n de Carlos Gustavo Machicado, titulado &#8220;\u00bfEs la pol\u00edtica fiscal suficiente para el crecimiento econ\u00f3mico?&#8221;, que se present\u00f3 en el primer Simposio Econ\u00f3mico: Pol\u00edtica fiscal y crecimiento, organizado por el Instituto de Estudios Avanzados en Desarrollo (INESAD).<\/p>\n<p style=\"text-align: justify;\">El documento fue discutido en una mesa redonda, que tuvo la participaci\u00f3n de Marcelo Montenegro en representaci\u00f3n del Ministerio de Econom\u00eda y Finanzas P\u00fablicas, Juan Antonio Morales (Maestrias para el Desarrollo &#8211; UCB), George Gray (CRISE) y el propio Carlos Gustavo Machicado.<\/p>\n<p style=\"text-align: justify;\">La iniciativa de INESAD respondi\u00f3 a su misi\u00f3n de promover oportunidades para la discusi\u00f3n y el di\u00e1logo sobre cuestiones de pol\u00edtica p\u00fablica que sean pertinentes para el desarrollo de Bolivia. Esto ayudar\u00e1 a promover la investigaci\u00f3n y generar conocimiento dise\u00f1ado para superar los obst\u00e1culos cr\u00edticos del desarrollo socio econ\u00f3mico sostenible.<\/p>\n<p style=\"text-align: justify;\"><img loading=\"lazy\" decoding=\"async\" style=\"margin-bottom: 5px; float: left; margin-right: 10px;\" src=\"\/images\/stories\/eventos\/Isimposiof\/1.JPG\" alt=\"1\" width=\"300\" height=\"199\" border=\"0\">La inauguraci\u00f3n del simposio estuvo cargo de Osvaldo Nina, director ejecutivo de INESAD, quien present\u00f3 una visi\u00f3n general de los diferentes enfoques existentes en la literatura econ\u00f3mica sobre el crecimiento econ\u00f3mico y los factores determinantes para lograr su sostenibilidad en el largo plazo.<\/p>\n<p style=\"text-align: justify;\">Uno de los puntos claves de la discusi\u00f3n fue la teor\u00eda neocl\u00e1sica que define el cambio tecnol\u00f3gico como el factor que pemite alcanzar el crecimiento. Una visi\u00f3n alternativa a la teor\u00eda neocl\u00e1sica afirma que el crecimiento est\u00e1 determinado por la demanda, otro se refiere al crecimiento end\u00f3geno y sugiere que el crecimiento es generado tanto por la demanda y la oferta.<\/p>\n<p style=\"text-align: justify;\">Robert Barro (1990), que analiza la relaci\u00f3n entre el gasto p\u00fablico y el crecimiento, fue citado. Su conclusi\u00f3n es que el gasto p\u00fablico es productivo y puede contribuir positivamente a la tasa de crecimiento de la econom\u00eda. Sin embargo, tambi\u00e9n se da a entender que si el nivel de gasto p\u00fablico supera un cierto nivel de la contribuci\u00f3n se hace negativa.<\/p>\n<p style=\"text-align: justify;\">El estudio del gasto p\u00fablico tiene que ver con la asignaci\u00f3n de fondos en lugar de su eficacia. Es decir, el an\u00e1lisis del gasto p\u00fablico est\u00e1 relacionada con los impactos resultantes de su asignaci\u00f3n en los programas de mejora de la educaci\u00f3n, la salud o la infraestructura, lo que aumenta la capacidad de producci\u00f3n de los factores productivos, que a su vez influyen positivamente en el crecimiento econ\u00f3mico a largo plazo.<\/p>\n<p style=\"text-align: justify;\">Sin embargo, es importante se\u00f1alar que esto no es suficiente para asegurar el proceso de crecimiento, porque si la composici\u00f3n de los presupuestos de gasto p\u00fablico no es adecuada, es posible que la conversi\u00f3n en bienes y servicios eficaces para la producci\u00f3n, y por lo tanto la generaci\u00f3n de los principales productos, no sea la apropiada.<\/p>\n<h4 style=\"text-align: justify;\"><strong><span style=\"color: #007578;\">La pol\u00edtica fiscal<\/span><\/strong><\/h4>\n<p style=\"text-align: justify;\">Carlos Gustavo Machicado explic\u00f3 que su investigaci\u00f3n se basa en un modelo de equilibrio general din\u00e1mico estoc\u00e1stico (MEGDE) para una peque\u00f1a econom\u00eda abierta con 5 sectores: no comerciables (servicios), importables (manufacturas), hidrocarburos, miner\u00eda y agricultura.<\/p>\n<p style=\"text-align: justify;\">El modelo est\u00e1 parametrizado para la econom\u00eda boliviana, y varios escenarios son simulados a travpes de cambios en los instrumentos de pol\u00edtica fiscal disponibles. Por otra parte se considera la eficiencia de capital p\u00fablico y productividad (PTF) en los diferentes sectores.<\/p>\n<p style=\"text-align: justify;\">El modelo tiene como referencia el contexto econ\u00f3mico de Bolivia dirigido <img loading=\"lazy\" decoding=\"async\" style=\"margin-bottom: 5px; float: right; margin-left: 10px;\" src=\"\/images\/stories\/eventos\/Isimposiof\/4.JPG\" alt=\"4\" width=\"300\" height=\"199\" border=\"0\">por el sector fiscal, que se pueden resumir en 3 puntos: Una econom\u00eda que para el primer trimestre report\u00f3 un super\u00e1vit fiscal, una pol\u00edtica social basada principalmente en las transferencias a los hogares y la intenci\u00f3n de usar la inversi\u00f3n p\u00fablica como el principal instrumento para promover el crecimiento y el bienestar.<\/p>\n<p style=\"text-align: justify;\">La investigaci\u00f3n sugiere tres resultados b\u00e1sicos. La mejor pol\u00edtica fiscal basada solamente en la gesti\u00f3n de los impuestos es aquella que combina una econom\u00eda totalmente abierta con un incremento del 3,7% en el impuesto sobre el valor agregado (IVA). La econom\u00eda crece un 3,4%.<\/p>\n<p style=\"text-align: justify;\">Una pol\u00edtica basada en el gasto p\u00fablico tiene efectos negativos sobre el crecimiento, ya que afecta en gran medida las transferencias dadas a los hogares. Mientra que una pol\u00edtica fiscal basada en la inversi\u00f3n p\u00fablica en infraestructura tiene efectos positivos.<\/p>\n<p style=\"text-align: justify;\">Sin embargo, los resultados a largo plazo son pobres y la transici\u00f3n es lenta. Por lo tanto, la pol\u00edtica fiscal debe ser complementada por la prestaci\u00f3n eficiente de la infraestructura y el aumento de la productividad.<\/p>\n<p>Machicado pone de manifiesto que la pol\u00edtica fiscal por s\u00ed sola no es suficiente para el crecimiento, pero cuando se combina con la prestaci\u00f3n eficiente de capital p\u00fablico y el aumento de la productividad, la econom\u00eda puede crecer a tasas del 6% en el corto plazo y el 10% en el largo plazo. Por otra parte, esto proporciona al gobierno una oportunidad de aumentar las transferencias y hacerlas sostenibles en el tiempo.<\/p>\n<p style=\"text-align: justify;\">Su recomendaci\u00f3n es que el gobierno conserve un entorno fiscal favorable y sustente una pol\u00edtica social basada en las transferencias en la medida en que la prestaci\u00f3n eficiente de capital p\u00fablico se promueva y existan suficientes incentivos para aumentar la productividad.<\/p>\n","protected":false},"excerpt":{"rendered":"<p>Pol\u00edtica fiscal y crecimiento La pol\u00edtica fiscal por s\u00ed sola no es suficiente para el crecimiento. Sin embargo, cuando se combina con inversi\u00f3n p\u00fablica eficiente y con aumento en la productividad, la pol\u00edtica fiscal puede no s\u00f3lo alcanzar tasas significativas de crecimiento en el largo plazo, sino tambi\u00e9n mejorar las transferencias de recursos y contribuir &hellip;<\/p>\n","protected":false},"author":10,"featured_media":16496,"comment_status":"open","ping_status":"open","sticky":false,"template":"","format":"standard","meta":{"_acf_changed":false,"advanced_seo_description":"","jetpack_seo_html_title":"","jetpack_seo_noindex":false,"jetpack_post_was_ever_published":false,"_jetpack_newsletter_access":"","_jetpack_dont_email_post_to_subs":false,"_jetpack_newsletter_tier_id":0,"_jetpack_memberships_contains_paywalled_content":false,"_jetpack_memberships_contains_paid_content":false,"footnotes":""},"categories":[527],"tags":[],"class_list":["post-16497","post","type-post","status-publish","format-standard","has-post-thumbnail","","category-symposiums"],"acf":[],"jetpack_featured_media_url":"https:\/\/www.inesad.edu.bo\/wp-content\/uploads\/2011\/02\/1st-sim.jpg","jetpack_sharing_enabled":true,"jetpack_shortlink":"https:\/\/wp.me\/p9wqBX-4i5","_links":{"self":[{"href":"https:\/\/www.inesad.edu.bo\/en\/wp-json\/wp\/v2\/posts\/16497","targetHints":{"allow":["GET"]}}],"collection":[{"href":"https:\/\/www.inesad.edu.bo\/en\/wp-json\/wp\/v2\/posts"}],"about":[{"href":"https:\/\/www.inesad.edu.bo\/en\/wp-json\/wp\/v2\/types\/post"}],"author":[{"embeddable":true,"href":"https:\/\/www.inesad.edu.bo\/en\/wp-json\/wp\/v2\/users\/10"}],"replies":[{"embeddable":true,"href":"https:\/\/www.inesad.edu.bo\/en\/wp-json\/wp\/v2\/comments?post=16497"}],"version-history":[{"count":0,"href":"https:\/\/www.inesad.edu.bo\/en\/wp-json\/wp\/v2\/posts\/16497\/revisions"}],"wp:featuredmedia":[{"embeddable":true,"href":"https:\/\/www.inesad.edu.bo\/en\/wp-json\/wp\/v2\/media\/16496"}],"wp:attachment":[{"href":"https:\/\/www.inesad.edu.bo\/en\/wp-json\/wp\/v2\/media?parent=16497"}],"wp:term":[{"taxonomy":"category","embeddable":true,"href":"https:\/\/www.inesad.edu.bo\/en\/wp-json\/wp\/v2\/categories?post=16497"},{"taxonomy":"post_tag","embeddable":true,"href":"https:\/\/www.inesad.edu.bo\/en\/wp-json\/wp\/v2\/tags?post=16497"}],"curies":[{"name":"wp","href":"https:\/\/api.w.org\/{rel}","templated":true}]}}